{"id":1352,"date":"2020-05-03T13:55:34","date_gmt":"2020-05-03T13:55:34","guid":{"rendered":"https:\/\/www.zesartech.com\/?p=1352"},"modified":"2021-04-19T14:01:51","modified_gmt":"2021-04-19T14:01:51","slug":"zeki-saricam-1-de-enero-de-1954-3-de-mayo-de-2020","status":"publish","type":"post","link":"https:\/\/www.zesartech.com\/es\/blog\/zeki-saricam-1-de-enero-de-1954-3-de-mayo-de-2020\/","title":{"rendered":"ZEKI SARI\u00c7AM, 1 DE ENERO DE 1954-3 DE MAYO DE 2020"},"content":{"rendered":"<p><span style=\"font-weight: 400;\">7 de mayo de 2020: \u00abEs con gran tristeza que Batteries International tiene que anunciar que Zeki Sar\u0131\u00e7am, el din\u00e1mico fundador de Zesar, el fabricante internacional de m\u00e1quinas para fabricar bater\u00edas, falleci\u00f3 el 3 de mayo despu\u00e9s de una larga y finalmente infructuosa batalla contra una enfermedad pulmonar.\u00bb<\/span><\/p>\n<p><span style=\"font-weight: 400;\">Una gran ola de tributos lleg\u00f3 despu\u00e9s de que se hizo el anuncio de su muerte. Un consultor internacional dijo: \u00abEra muy respetado en el trabajo; era un hombre agradable que ten\u00eda una gran cantidad de conocimientos y experiencia\u00bb.<\/span><\/p>\n<p><span style=\"font-weight: 400;\">La mayor\u00eda de los tributos fueron expresiones condolencia a su familia, amigos y empleados de Zesar. Pero algunos, como Lider Kebabc\u0131o\u011flu, gerente de Erdil Aku Otomotiv, consideraron a Zeki como \u201cuno de los pilares en el desarrollo del sector de las bater\u00edas en Turqu\u00eda\u201d.<\/span><\/p>\n<p><span style=\"font-weight: 400;\">Un tributo completo a un gigante de la industria de las bater\u00edas aparecer\u00e1 en el pr\u00f3ximo n\u00famero de Batteries International.<\/span><\/p>\n<p><b>Fuente<\/b><span style=\"font-weight: 400;\">:<\/span> <a href=\"https:\/\/www.batteriesinternational.com\/2020\/05\/07\/zeki-saricam-january-1-1954-may-3-2020\/\">https:\/\/www.batteriesinternational.com\/2020\/05\/07\/zeki-saricam-january-1-1954-may-3-2020\/<\/a><\/p>\n","protected":false},"excerpt":{"rendered":"<p>7 de mayo de 2020: \u00abEs con gran tristeza que Batteries International tiene que anunciar que Zeki Sar\u0131\u00e7am, el din\u00e1mico fundador de Zesar, el fabricante internacional de m\u00e1quinas para fabricar bater\u00edas, falleci\u00f3 el 3 de mayo despu\u00e9s de una larga y finalmente infructuosa batalla contra una enfermedad pulmonar.\u00bb Una gran ola de tributos lleg\u00f3 despu\u00e9s [&hellip;]<\/p>\n","protected":false},"author":2,"featured_media":1017,"comment_status":"closed","ping_status":"closed","sticky":false,"template":"","format":"standard","meta":[],"categories":[29],"tags":[],"acf":[],"featured_image_src":{"landsacpe":["https:\/\/www.zesartech.com\/wp-content\/uploads\/2020\/05\/BTI2.png",900,251,false],"list":["https:\/\/www.zesartech.com\/wp-content\/uploads\/2020\/05\/BTI2.png",463,129,false],"medium":["https:\/\/www.zesartech.com\/wp-content\/uploads\/2020\/05\/BTI2.png",300,84,false],"full":["https:\/\/www.zesartech.com\/wp-content\/uploads\/2020\/05\/BTI2.png",900,251,false]},"yoast_head":"<!-- This site is optimized with the Yoast SEO plugin v19.7.1 - https:\/\/yoast.com\/wordpress\/plugins\/seo\/ -->\n<title>ZEKI SARI\u00c7AM, 1 DE ENERO DE 1954-3 DE MAYO DE 2020 - Zesar<\/title>\n<meta name=\"robots\" content=\"index, follow, max-snippet:-1, max-image-preview:large, max-video-preview:-1\" \/>\n<link rel=\"canonical\" href=\"https:\/\/www.zesartech.com\/es\/blog\/zeki-saricam-1-de-enero-de-1954-3-de-mayo-de-2020\/\" \/>\n<meta property=\"og:locale\" content=\"es_ES\" \/>\n<meta property=\"og:type\" content=\"article\" \/>\n<meta property=\"og:title\" content=\"ZEKI SARI\u00c7AM, 1 DE ENERO DE 1954-3 DE MAYO DE 2020 - Zesar\" \/>\n<meta property=\"og:description\" content=\"7 de mayo de 2020: \u00abEs con gran tristeza que Batteries International tiene que anunciar que Zeki Sar\u0131\u00e7am, el din\u00e1mico fundador de Zesar, el fabricante internacional de m\u00e1quinas para fabricar bater\u00edas, falleci\u00f3 el 3 de mayo despu\u00e9s de una larga y finalmente infructuosa batalla contra una enfermedad pulmonar.\u00bb Una gran ola de tributos lleg\u00f3 despu\u00e9s [&hellip;]\" \/>\n<meta property=\"og:url\" content=\"https:\/\/www.zesartech.com\/es\/blog\/zeki-saricam-1-de-enero-de-1954-3-de-mayo-de-2020\/\" \/>\n<meta property=\"og:site_name\" content=\"Zesar\" \/>\n<meta property=\"article:published_time\" content=\"2020-05-03T13:55:34+00:00\" \/>\n<meta property=\"article:modified_time\" content=\"2021-04-19T14:01:51+00:00\" \/>\n<meta property=\"og:image\" content=\"https:\/\/www.zesartech.com\/wp-content\/uploads\/2020\/05\/BTI2.png\" \/>\n\t<meta property=\"og:image:width\" content=\"900\" \/>\n\t<meta property=\"og:image:height\" content=\"251\" \/>\n\t<meta property=\"og:image:type\" content=\"image\/png\" \/>\n<meta name=\"author\" content=\"Zesar\" \/>\n<meta name=\"twitter:card\" content=\"summary_large_image\" \/>\n<meta name=\"twitter:label1\" content=\"Escrito por\" \/>\n\t<meta name=\"twitter:data1\" content=\"Zesar\" \/>\n\t<meta name=\"twitter:label2\" content=\"Tiempo de lectura\" \/>\n\t<meta name=\"twitter:data2\" content=\"1 minuto\" \/>\n<script type=\"application\/ld+json\" class=\"yoast-schema-graph\">{\"@context\":\"https:\/\/schema.org\",\"@graph\":[{\"@type\":\"WebPage\",\"@id\":\"https:\/\/www.zesartech.com\/es\/blog\/zeki-saricam-1-de-enero-de-1954-3-de-mayo-de-2020\/\",\"url\":\"https:\/\/www.zesartech.com\/es\/blog\/zeki-saricam-1-de-enero-de-1954-3-de-mayo-de-2020\/\",\"name\":\"ZEKI SARI\u00c7AM, 1 DE ENERO DE 1954-3 DE MAYO DE 2020 - Zesar\",\"isPartOf\":{\"@id\":\"https:\/\/www.zesartech.com\/es\/#website\"},\"datePublished\":\"2020-05-03T13:55:34+00:00\",\"dateModified\":\"2021-04-19T14:01:51+00:00\",\"author\":{\"@id\":\"https:\/\/www.zesartech.com\/es\/#\/schema\/person\/e3ba01d6b0743252a4b0c7b42125aad1\"},\"breadcrumb\":{\"@id\":\"https:\/\/www.zesartech.com\/es\/blog\/zeki-saricam-1-de-enero-de-1954-3-de-mayo-de-2020\/#breadcrumb\"},\"inLanguage\":\"es\",\"potentialAction\":[{\"@type\":\"ReadAction\",\"target\":[\"https:\/\/www.zesartech.com\/es\/blog\/zeki-saricam-1-de-enero-de-1954-3-de-mayo-de-2020\/\"]}]},{\"@type\":\"BreadcrumbList\",\"@id\":\"https:\/\/www.zesartech.com\/es\/blog\/zeki-saricam-1-de-enero-de-1954-3-de-mayo-de-2020\/#breadcrumb\",\"itemListElement\":[{\"@type\":\"ListItem\",\"position\":1,\"name\":\"Home\",\"item\":\"https:\/\/www.zesartech.com\/es\/\"},{\"@type\":\"ListItem\",\"position\":2,\"name\":\"ZEKI SARI\u00c7AM, 1 DE ENERO DE 1954-3 DE MAYO DE 2020\"}]},{\"@type\":\"WebSite\",\"@id\":\"https:\/\/www.zesartech.com\/es\/#website\",\"url\":\"https:\/\/www.zesartech.com\/es\/\",\"name\":\"Zesar\",\"description\":\"\",\"potentialAction\":[{\"@type\":\"SearchAction\",\"target\":{\"@type\":\"EntryPoint\",\"urlTemplate\":\"https:\/\/www.zesartech.com\/es\/?s={search_term_string}\"},\"query-input\":\"required name=search_term_string\"}],\"inLanguage\":\"es\"},{\"@type\":\"Person\",\"@id\":\"https:\/\/www.zesartech.com\/es\/#\/schema\/person\/e3ba01d6b0743252a4b0c7b42125aad1\",\"name\":\"Zesar\"}]}<\/script>\n<!-- \/ Yoast SEO plugin. -->","yoast_head_json":{"title":"ZEKI SARI\u00c7AM, 1 DE ENERO DE 1954-3 DE MAYO DE 2020 - Zesar","robots":{"index":"index","follow":"follow","max-snippet":"max-snippet:-1","max-image-preview":"max-image-preview:large","max-video-preview":"max-video-preview:-1"},"canonical":"https:\/\/www.zesartech.com\/es\/blog\/zeki-saricam-1-de-enero-de-1954-3-de-mayo-de-2020\/","og_locale":"es_ES","og_type":"article","og_title":"ZEKI SARI\u00c7AM, 1 DE ENERO DE 1954-3 DE MAYO DE 2020 - Zesar","og_description":"7 de mayo de 2020: \u00abEs con gran tristeza que Batteries International tiene que anunciar que Zeki Sar\u0131\u00e7am, el din\u00e1mico fundador de Zesar, el fabricante internacional de m\u00e1quinas para fabricar bater\u00edas, falleci\u00f3 el 3 de mayo despu\u00e9s de una larga y finalmente infructuosa batalla contra una enfermedad pulmonar.\u00bb Una gran ola de tributos lleg\u00f3 despu\u00e9s [&hellip;]","og_url":"https:\/\/www.zesartech.com\/es\/blog\/zeki-saricam-1-de-enero-de-1954-3-de-mayo-de-2020\/","og_site_name":"Zesar","article_published_time":"2020-05-03T13:55:34+00:00","article_modified_time":"2021-04-19T14:01:51+00:00","og_image":[{"width":"900","height":"251","url":"https:\/\/www.zesartech.com\/wp-content\/uploads\/2020\/05\/BTI2.png","type":"image\/png"}],"author":"Zesar","twitter_card":"summary_large_image","twitter_misc":{"Escrito por":"Zesar","Tiempo de lectura":"1 minuto"},"schema":{"@context":"https:\/\/schema.org","@graph":[{"@type":"WebPage","@id":"https:\/\/www.zesartech.com\/es\/blog\/zeki-saricam-1-de-enero-de-1954-3-de-mayo-de-2020\/","url":"https:\/\/www.zesartech.com\/es\/blog\/zeki-saricam-1-de-enero-de-1954-3-de-mayo-de-2020\/","name":"ZEKI SARI\u00c7AM, 1 DE ENERO DE 1954-3 DE MAYO DE 2020 - Zesar","isPartOf":{"@id":"https:\/\/www.zesartech.com\/es\/#website"},"datePublished":"2020-05-03T13:55:34+00:00","dateModified":"2021-04-19T14:01:51+00:00","author":{"@id":"https:\/\/www.zesartech.com\/es\/#\/schema\/person\/e3ba01d6b0743252a4b0c7b42125aad1"},"breadcrumb":{"@id":"https:\/\/www.zesartech.com\/es\/blog\/zeki-saricam-1-de-enero-de-1954-3-de-mayo-de-2020\/#breadcrumb"},"inLanguage":"es","potentialAction":[{"@type":"ReadAction","target":["https:\/\/www.zesartech.com\/es\/blog\/zeki-saricam-1-de-enero-de-1954-3-de-mayo-de-2020\/"]}]},{"@type":"BreadcrumbList","@id":"https:\/\/www.zesartech.com\/es\/blog\/zeki-saricam-1-de-enero-de-1954-3-de-mayo-de-2020\/#breadcrumb","itemListElement":[{"@type":"ListItem","position":1,"name":"Home","item":"https:\/\/www.zesartech.com\/es\/"},{"@type":"ListItem","position":2,"name":"ZEKI SARI\u00c7AM, 1 DE ENERO DE 1954-3 DE MAYO DE 2020"}]},{"@type":"WebSite","@id":"https:\/\/www.zesartech.com\/es\/#website","url":"https:\/\/www.zesartech.com\/es\/","name":"Zesar","description":"","potentialAction":[{"@type":"SearchAction","target":{"@type":"EntryPoint","urlTemplate":"https:\/\/www.zesartech.com\/es\/?s={search_term_string}"},"query-input":"required name=search_term_string"}],"inLanguage":"es"},{"@type":"Person","@id":"https:\/\/www.zesartech.com\/es\/#\/schema\/person\/e3ba01d6b0743252a4b0c7b42125aad1","name":"Zesar"}]}},"_links":{"self":[{"href":"https:\/\/www.zesartech.com\/es\/wp-json\/wp\/v2\/posts\/1352"}],"collection":[{"href":"https:\/\/www.zesartech.com\/es\/wp-json\/wp\/v2\/posts"}],"about":[{"href":"https:\/\/www.zesartech.com\/es\/wp-json\/wp\/v2\/types\/post"}],"author":[{"embeddable":true,"href":"https:\/\/www.zesartech.com\/es\/wp-json\/wp\/v2\/users\/2"}],"replies":[{"embeddable":true,"href":"https:\/\/www.zesartech.com\/es\/wp-json\/wp\/v2\/comments?post=1352"}],"version-history":[{"count":0,"href":"https:\/\/www.zesartech.com\/es\/wp-json\/wp\/v2\/posts\/1352\/revisions"}],"wp:featuredmedia":[{"embeddable":true,"href":"https:\/\/www.zesartech.com\/es\/wp-json\/wp\/v2\/media\/1017"}],"wp:attachment":[{"href":"https:\/\/www.zesartech.com\/es\/wp-json\/wp\/v2\/media?parent=1352"}],"wp:term":[{"taxonomy":"category","embeddable":true,"href":"https:\/\/www.zesartech.com\/es\/wp-json\/wp\/v2\/categories?post=1352"},{"taxonomy":"post_tag","embeddable":true,"href":"https:\/\/www.zesartech.com\/es\/wp-json\/wp\/v2\/tags?post=1352"}],"curies":[{"name":"wp","href":"https:\/\/api.w.org\/{rel}","templated":true}]}}